{"id":3696,"date":"2023-05-23T17:00:51","date_gmt":"2023-05-23T20:00:51","guid":{"rendered":"https:\/\/ignacioprocacitto.com.ar\/sitio\/?p=3696"},"modified":"2023-05-23T17:00:52","modified_gmt":"2023-05-23T20:00:52","slug":"buscaran-otro-gran-rendimiento","status":"publish","type":"post","link":"https:\/\/ignacioprocacitto.com.ar\/sitio\/2023\/05\/23\/buscaran-otro-gran-rendimiento\/","title":{"rendered":"Buscar\u00e1n otro gran rendimiento"},"content":{"rendered":"\n<h2 class=\"wp-block-heading\">Procacitto Racing y Pablo Ortega disputar\u00e1n la quinta fecha de la Clase 2 en Comodoro Rivadavia, escenario desconocido para ellos<\/h2>\n\n\n\n<!--more-->\n\n\n\n<p>Este fin de semana el equipo Procacitto Racing estar\u00e1 en Comodoro Rivadavia junto a su piloto Pablo Ortega, en la disputa de la quinta fecha del Turismo Nacional Clase 2. Con el Volkswagen Gol alistado en Las Rosas, se encontrar\u00e1n con un nuevo escenario patag\u00f3nico, donde el equipo nunca corri\u00f3, al igual que el tucumano en su condici\u00f3n de experimentado piloto.<\/p>\n\n\n\n<p>La situaci\u00f3n ser\u00e1 novedosa para Ortega, para Procacitto pero tambi\u00e9n para el resto de los competidores, tanto equipos como pilotos, con pocas excepciones, que nunca han girado en Comodoro Rivadavia, ya que el TN hac\u00eda casi dos d\u00e9cadas que no ten\u00eda cita all\u00ed.<\/p>\n\n\n\n<p>\u201cEstoy feliz de volver de nuevo a correr, y me encanta ir a correr al sur, me parece fant\u00e1stico conocer distintos lugares y los viajes. Al ser un circuito que casi nadie conoce, sabemos que estamos todos al mismo nivel, generando buenas expectativas y ganas. Por los videos que vi, es un trazado s\u00faper veloz y eso nos deber\u00eda favorecer como equipo\u201d, expres\u00f3 Ortega.<\/p>\n\n\n\n<p>Por su parte, Ignacio Procacitto coment\u00f3: \u201cTenemos todo en orden, trabajamos en los detalles finos que siempre hacen falta y repasamos todo con las perspectivas de funcionar bien y sabemos que todo el mundo trabaja pero la realidad es que necesitamos ser protagonistas y seguir descontando en el campeonato, as\u00ed que junto a Pablo vamos con esa idea\u201d.<\/p>\n\n\n\n<p>Los horarios comprenden dos entrenamientos durante el viernes, a las 11 y 14.30, mientras que la primera clasificaci\u00f3n se disputar\u00e1 a las 16.30. El s\u00e1bado se llevar\u00e1 a cabo la segunda y definitoria tanda, a las 11, mientras que las series ser\u00e1n a las 14.30, 15.05 y 15.50 (en vivo por DeporTV). El domingo, a las 11.50 se largar\u00e1 la carrera final a 18 vueltas o 35 minutos (en vivo por TV P\u00fablica).<\/p>\n","protected":false},"excerpt":{"rendered":"<p>Procacitto Racing y Pablo Ortega disputar\u00e1n la quinta fecha de la Clase 2 en Comodoro Rivadavia, escenario desconocido para ellos<\/p>\n","protected":false},"author":1,"featured_media":3697,"comment_status":"open","ping_status":"closed","sticky":false,"template":"","format":"standard","meta":{"footnotes":""},"categories":[3],"tags":[],"class_list":["post-3696","post","type-post","status-publish","format-standard","has-post-thumbnail","hentry","category-novedades"],"_links":{"self":[{"href":"https:\/\/ignacioprocacitto.com.ar\/sitio\/wp-json\/wp\/v2\/posts\/3696","targetHints":{"allow":["GET"]}}],"collection":[{"href":"https:\/\/ignacioprocacitto.com.ar\/sitio\/wp-json\/wp\/v2\/posts"}],"about":[{"href":"https:\/\/ignacioprocacitto.com.ar\/sitio\/wp-json\/wp\/v2\/types\/post"}],"author":[{"embeddable":true,"href":"https:\/\/ignacioprocacitto.com.ar\/sitio\/wp-json\/wp\/v2\/users\/1"}],"replies":[{"embeddable":true,"href":"https:\/\/ignacioprocacitto.com.ar\/sitio\/wp-json\/wp\/v2\/comments?post=3696"}],"version-history":[{"count":1,"href":"https:\/\/ignacioprocacitto.com.ar\/sitio\/wp-json\/wp\/v2\/posts\/3696\/revisions"}],"predecessor-version":[{"id":3698,"href":"https:\/\/ignacioprocacitto.com.ar\/sitio\/wp-json\/wp\/v2\/posts\/3696\/revisions\/3698"}],"wp:featuredmedia":[{"embeddable":true,"href":"https:\/\/ignacioprocacitto.com.ar\/sitio\/wp-json\/wp\/v2\/media\/3697"}],"wp:attachment":[{"href":"https:\/\/ignacioprocacitto.com.ar\/sitio\/wp-json\/wp\/v2\/media?parent=3696"}],"wp:term":[{"taxonomy":"category","embeddable":true,"href":"https:\/\/ignacioprocacitto.com.ar\/sitio\/wp-json\/wp\/v2\/categories?post=3696"},{"taxonomy":"post_tag","embeddable":true,"href":"https:\/\/ignacioprocacitto.com.ar\/sitio\/wp-json\/wp\/v2\/tags?post=3696"}],"curies":[{"name":"wp","href":"https:\/\/api.w.org\/{rel}","templated":true}]}}