{"id":3699,"date":"2023-05-29T07:52:32","date_gmt":"2023-05-29T10:52:32","guid":{"rendered":"https:\/\/ignacioprocacitto.com.ar\/sitio\/?p=3699"},"modified":"2023-05-29T07:52:33","modified_gmt":"2023-05-29T10:52:33","slug":"otra-gran-actuacion-que-los-sigue-subiendo","status":"publish","type":"post","link":"https:\/\/ignacioprocacitto.com.ar\/sitio\/2023\/05\/29\/otra-gran-actuacion-que-los-sigue-subiendo\/","title":{"rendered":"Otra gran actuaci\u00f3n que los sigue subiendo"},"content":{"rendered":"\n<h2 class=\"wp-block-heading\"><strong>Pablo Ortega fue quinto en Comodoro Rivadavia y se volvi\u00f3 a acercar en el campeonato de TN Clase 2<\/strong><\/h2>\n\n\n\n<!--more-->\n\n\n\n<p>Procacitto Racing tuvo una espectacular participaci\u00f3n en Comodoro Rivadavia, por la quinta fecha del Turismo Nacional Clase 2, donde Pablo Ortega puso al Volkswagen Gol Trend del equipo en la quinta ubicaci\u00f3n final.<\/p>\n\n\n\n<p>El piloto tucumano fue muy competitivo todo el fin de semana, demostrando una vez m\u00e1s el enorme potencial del equipo, y en tres carreras dentro de la estructura con sede en Las Rosas, qued\u00f3 claro de que hay potencial para luchar por el campeonato. \u2018Pabloso\u2019 fue muy contundente en cada salida a pista, exceptuando la clasificaci\u00f3n, donde qued\u00f3 14\u00ba. En la serie progres\u00f3 much\u00edsimo y lleg\u00f3 segundo, pero lo importante ser\u00eda c\u00f3mo se desarroll\u00f3 en la final, viendo la meta en quinto lugar.<\/p>\n\n\n\n<p>\u201cEstamos en una muy buena racha con el equipo, est\u00e1 saliendo todo bien gracias a Dios. Ahora vamos a cargar algo de kilos en Posadas pero esperamos seguir sumando para el campeonato, ahora estando a cuarenta puntos\u201d, coment\u00f3 Ortega, quien est\u00e1 quinto en la tabla anual, con apenas tres carreras dentro de la estructura de la familia Procacitto.<\/p>\n\n\n\n<p>La pr\u00f3xima fecha se disputar\u00e1 el fin de semana del 18 de junio en Posadas, Misiones.<\/p>\n","protected":false},"excerpt":{"rendered":"<p>Pablo Ortega fue quinto en Comodoro Rivadavia y se volvi\u00f3 a acercar en el campeonato de TN Clase 2<\/p>\n","protected":false},"author":1,"featured_media":3700,"comment_status":"open","ping_status":"closed","sticky":false,"template":"","format":"standard","meta":{"footnotes":""},"categories":[3],"tags":[],"class_list":["post-3699","post","type-post","status-publish","format-standard","has-post-thumbnail","hentry","category-novedades"],"_links":{"self":[{"href":"https:\/\/ignacioprocacitto.com.ar\/sitio\/wp-json\/wp\/v2\/posts\/3699","targetHints":{"allow":["GET"]}}],"collection":[{"href":"https:\/\/ignacioprocacitto.com.ar\/sitio\/wp-json\/wp\/v2\/posts"}],"about":[{"href":"https:\/\/ignacioprocacitto.com.ar\/sitio\/wp-json\/wp\/v2\/types\/post"}],"author":[{"embeddable":true,"href":"https:\/\/ignacioprocacitto.com.ar\/sitio\/wp-json\/wp\/v2\/users\/1"}],"replies":[{"embeddable":true,"href":"https:\/\/ignacioprocacitto.com.ar\/sitio\/wp-json\/wp\/v2\/comments?post=3699"}],"version-history":[{"count":1,"href":"https:\/\/ignacioprocacitto.com.ar\/sitio\/wp-json\/wp\/v2\/posts\/3699\/revisions"}],"predecessor-version":[{"id":3701,"href":"https:\/\/ignacioprocacitto.com.ar\/sitio\/wp-json\/wp\/v2\/posts\/3699\/revisions\/3701"}],"wp:featuredmedia":[{"embeddable":true,"href":"https:\/\/ignacioprocacitto.com.ar\/sitio\/wp-json\/wp\/v2\/media\/3700"}],"wp:attachment":[{"href":"https:\/\/ignacioprocacitto.com.ar\/sitio\/wp-json\/wp\/v2\/media?parent=3699"}],"wp:term":[{"taxonomy":"category","embeddable":true,"href":"https:\/\/ignacioprocacitto.com.ar\/sitio\/wp-json\/wp\/v2\/categories?post=3699"},{"taxonomy":"post_tag","embeddable":true,"href":"https:\/\/ignacioprocacitto.com.ar\/sitio\/wp-json\/wp\/v2\/tags?post=3699"}],"curies":[{"name":"wp","href":"https:\/\/api.w.org\/{rel}","templated":true}]}}