{"id":3703,"date":"2023-06-13T16:24:01","date_gmt":"2023-06-13T19:24:01","guid":{"rendered":"https:\/\/ignacioprocacitto.com.ar\/sitio\/?p=3703"},"modified":"2023-06-13T16:24:02","modified_gmt":"2023-06-13T19:24:02","slug":"rumbo-a-posadas-para-seguir-subiendo","status":"publish","type":"post","link":"https:\/\/ignacioprocacitto.com.ar\/sitio\/2023\/06\/13\/rumbo-a-posadas-para-seguir-subiendo\/","title":{"rendered":"Rumbo a Posadas para seguir subiendo"},"content":{"rendered":"\n<h2 class=\"wp-block-heading\">Procacitto Racing alistar\u00e1 el Volkswagen Gol Trend para Pablo Ortega en un trazado desafiante<\/h2>\n\n\n\n<!--more-->\n\n\n\n<p>Este fin de semana el Turismo Nacional tendr\u00e1 su sexta fecha del a\u00f1o, donde el Procacitto Racing espera volver a ser protagonista con su piloto Pablo Ortega. Los grandes resultados de estas tres fechas en conjunto fueron cruciales para que el piloto tucumano est\u00e9 en la pelea por el campeonato y no quieren bajarse.<\/p>\n\n\n\n<p>El Volkswagen Gol Trend fue repasado al igual que el motor por parte de los hermanos Riva, y el equipo saldr\u00e1 de Las Rosas el mi\u00e9rcoles para la capital de la provincia de Misiones, donde el TN llevar\u00e1 sus grandes espect\u00e1culos y se cerrar\u00e1 la primera mitad de la temporada.<\/p>\n\n\n\n<p>Pablo Ortega, preparando su fin de semana, destac\u00f3: \u201cEstamos trabajando mucho para llegar con la mejor concentraci\u00f3n a Posadas, y con el auto, sabemos que vamos bien, pero lo que nos da mucha intriga es c\u00f3mo funcionaremos con los kilos de lastre que tenemos. As\u00ed como hay subidas, tenemos bajadas, donde deber\u00eda ayudar, pero se pierde m\u00e1s subiendo que lo que se puede ganar en descenso. Vamos a tener que darnos ma\u00f1a para dar lo mejor\u201d.<\/p>\n\n\n\n<p>\u2018Nachi\u2019 Procacitto, manifest\u00f3: &#8220;Luego de buscar el motor y colocarlo saldremos el mi\u00e9rcoles para Posadas, se revis\u00f3 todo tanto en el chasis, con repaso y mejoras, y as\u00ed tambi\u00e9n en el motor por parte de los hermanos Riva, que hicieron bastante para continuar mejorando detalles&#8221;.<\/p>\n\n\n\n<p>El viernes ser\u00e1n los dos entrenamientos y la primera clasificaci\u00f3n, mientras que el s\u00e1bado ser\u00e1 la segunda tanda clasificatoria con transmisi\u00f3n de MotorPlay a las 11, y posteriormente, por DeporTV se podr\u00e1n observar las series, desde las 15. El domingo, como es habitual, al mediod\u00eda se disputar\u00e1 la final, con inicio pautado a las 12.20 y 16 giros por delante, a trav\u00e9s de la TV P\u00fablica.<\/p>\n","protected":false},"excerpt":{"rendered":"<p>Procacitto Racing alistar\u00e1 el Volkswagen Gol Trend para Pablo Ortega en un trazado desafiante<\/p>\n","protected":false},"author":1,"featured_media":3697,"comment_status":"open","ping_status":"closed","sticky":false,"template":"","format":"standard","meta":{"footnotes":""},"categories":[3],"tags":[],"class_list":["post-3703","post","type-post","status-publish","format-standard","has-post-thumbnail","hentry","category-novedades"],"_links":{"self":[{"href":"https:\/\/ignacioprocacitto.com.ar\/sitio\/wp-json\/wp\/v2\/posts\/3703","targetHints":{"allow":["GET"]}}],"collection":[{"href":"https:\/\/ignacioprocacitto.com.ar\/sitio\/wp-json\/wp\/v2\/posts"}],"about":[{"href":"https:\/\/ignacioprocacitto.com.ar\/sitio\/wp-json\/wp\/v2\/types\/post"}],"author":[{"embeddable":true,"href":"https:\/\/ignacioprocacitto.com.ar\/sitio\/wp-json\/wp\/v2\/users\/1"}],"replies":[{"embeddable":true,"href":"https:\/\/ignacioprocacitto.com.ar\/sitio\/wp-json\/wp\/v2\/comments?post=3703"}],"version-history":[{"count":1,"href":"https:\/\/ignacioprocacitto.com.ar\/sitio\/wp-json\/wp\/v2\/posts\/3703\/revisions"}],"predecessor-version":[{"id":3705,"href":"https:\/\/ignacioprocacitto.com.ar\/sitio\/wp-json\/wp\/v2\/posts\/3703\/revisions\/3705"}],"wp:featuredmedia":[{"embeddable":true,"href":"https:\/\/ignacioprocacitto.com.ar\/sitio\/wp-json\/wp\/v2\/media\/3697"}],"wp:attachment":[{"href":"https:\/\/ignacioprocacitto.com.ar\/sitio\/wp-json\/wp\/v2\/media?parent=3703"}],"wp:term":[{"taxonomy":"category","embeddable":true,"href":"https:\/\/ignacioprocacitto.com.ar\/sitio\/wp-json\/wp\/v2\/categories?post=3703"},{"taxonomy":"post_tag","embeddable":true,"href":"https:\/\/ignacioprocacitto.com.ar\/sitio\/wp-json\/wp\/v2\/tags?post=3703"}],"curies":[{"name":"wp","href":"https:\/\/api.w.org\/{rel}","templated":true}]}}