{"id":3706,"date":"2023-06-19T08:30:56","date_gmt":"2023-06-19T11:30:56","guid":{"rendered":"https:\/\/ignacioprocacitto.com.ar\/sitio\/?p=3706"},"modified":"2023-06-19T08:30:57","modified_gmt":"2023-06-19T11:30:57","slug":"victoria-en-posadas-y-candidatura","status":"publish","type":"post","link":"https:\/\/ignacioprocacitto.com.ar\/sitio\/2023\/06\/19\/victoria-en-posadas-y-candidatura\/","title":{"rendered":"Victoria en Posadas y candidatura"},"content":{"rendered":"\n<h2 class=\"wp-block-heading\">Procacitto Racing gan\u00f3 de la mano de Pablo Ortega en Misiones y est\u00e1n en el lote de aspirantes al campeonato<\/h2>\n\n\n\n<!--more-->\n\n\n\n<p>La sexta cita del certamen de Turismo Nacional Clase 2, en Posadas, fue dominada casi en su totalidad por el Procacitto Racing, con el Volkswagen Gol alistado en Las Rosas y que el tucumano Pablo Ortega condujo de excelente manera para conseguir el triunfo.<\/p>\n\n\n\n<p>En un fin de semana de menor a mayor, el viernes fue confuso por el clima, pero el s\u00e1bado se impuso la formaci\u00f3n rosense y el experimentado piloto de Tucum\u00e1n. Lograron la pole position, ganaron su serie pero la carrera final la iniciaron desde el tercer lugar, lo cual generaba incertidumbres.<\/p>\n\n\n\n<p>Desde la largada, Ortega fue hacia adelante, en primer t\u00e9rmino quedando segundo apenas se apag\u00f3 el sem\u00e1foro, y poco despu\u00e9s con una excelente maniobra pudo doblegar a Marcos Fern\u00e1ndez, donde ambos se respetaron y dieron la mayor emoci\u00f3n de lucha en pista del fin de semana. Un par de neutralizaciones complicaron a Ortega, porque con v\u00eda libre, pudo hacer distancia pero los ingresos del auto de seguridad le dieron la chance a Fern\u00e1ndez de atacarlo. De todas maneras, Pablo aguant\u00f3 y gan\u00f3 con el Procacitto Racing.<\/p>\n\n\n\n<figure class=\"wp-block-image size-large\"><img fetchpriority=\"high\" decoding=\"async\" width=\"668\" height=\"1024\" src=\"https:\/\/ignacioprocacitto.com.ar\/sitio\/wp-content\/uploads\/2023\/06\/3-Procacitto-Racing-DOM-5-668x1024.jpeg\" alt=\"\" class=\"wp-image-3708\" srcset=\"https:\/\/ignacioprocacitto.com.ar\/sitio\/wp-content\/uploads\/2023\/06\/3-Procacitto-Racing-DOM-5-668x1024.jpeg 668w, https:\/\/ignacioprocacitto.com.ar\/sitio\/wp-content\/uploads\/2023\/06\/3-Procacitto-Racing-DOM-5-196x300.jpeg 196w, https:\/\/ignacioprocacitto.com.ar\/sitio\/wp-content\/uploads\/2023\/06\/3-Procacitto-Racing-DOM-5-768x1178.jpeg 768w, https:\/\/ignacioprocacitto.com.ar\/sitio\/wp-content\/uploads\/2023\/06\/3-Procacitto-Racing-DOM-5-1001x1536.jpeg 1001w, https:\/\/ignacioprocacitto.com.ar\/sitio\/wp-content\/uploads\/2023\/06\/3-Procacitto-Racing-DOM-5.jpeg 1043w\" sizes=\"(max-width: 668px) 100vw, 668px\" \/><\/figure>\n\n\n\n<p>Pablo Ortega, tras vencer: \u201cFue un hermoso fin de semana y en el lugar m\u00e1s impensado para nosotros porque cre\u00edamos que no \u00edbamos a funcionar bien, y terminamos ganando, estoy s\u00faper contento y emocionado por el D\u00eda del Padre, por c\u00f3mo fue la carrera. Tuvimos dos sufrimientos sobre el final pero no pas\u00f3 nada, porque aguantamos bien y seguimos adelante. Ven\u00eda con varios podios, y no hace tanto hab\u00eda ganado el a\u00f1o pasado, pero ahora desde que me sub\u00ed a este auto estoy teniendo muy buenos resultaos y la carrera ganada estaba al caer; nos sorprendi\u00f3 y nos gusta m\u00e1s cuando se da as\u00ed\u201d.<\/p>\n\n\n\n<p>Ignacio Procacitto, por su lado detall\u00f3: \u201cSe trabaj\u00f3 bien todo el fin de semana, y si bien en el primer entrenamiento no pudimos girar por un problema en la bomba de nafta, en el segundo ya enseguida con dos vueltas nos dimos cuenta de que el auto hab\u00eda ca\u00eddo bien en Posadas y de que ten\u00edamos un gran conjunto. Pablo r\u00e1pidamente lo sinti\u00f3 equilibrado y hab\u00eda que esperar porque en la clasificaci\u00f3n del viernes cay\u00f3 un chaparr\u00f3n antes. El s\u00e1bado acomodamos algunas cuestiones de puesta a punto para que est\u00e9 todo fino y pudo ser muy r\u00e1pido para lograr la pole. El auto de seguridad nos impidi\u00f3 ganar la serie m\u00e1s r\u00e1pida pero sab\u00edamos que para la final \u00edbamos a tener buen ritmo. Acomodamos los neum\u00e1ticos y el auto funcion\u00f3 magn\u00edfico, para llevarnos la victoria y acortar mucho en el campeonato\u201d.<\/p>\n\n\n\n<figure class=\"wp-block-image size-large\"><img decoding=\"async\" width=\"1024\" height=\"668\" src=\"https:\/\/ignacioprocacitto.com.ar\/sitio\/wp-content\/uploads\/2023\/06\/3-Procacitto-Racing-DOM-10-1024x668.jpeg\" alt=\"\" class=\"wp-image-3709\" srcset=\"https:\/\/ignacioprocacitto.com.ar\/sitio\/wp-content\/uploads\/2023\/06\/3-Procacitto-Racing-DOM-10-1024x668.jpeg 1024w, https:\/\/ignacioprocacitto.com.ar\/sitio\/wp-content\/uploads\/2023\/06\/3-Procacitto-Racing-DOM-10-300x196.jpeg 300w, https:\/\/ignacioprocacitto.com.ar\/sitio\/wp-content\/uploads\/2023\/06\/3-Procacitto-Racing-DOM-10-768x501.jpeg 768w, https:\/\/ignacioprocacitto.com.ar\/sitio\/wp-content\/uploads\/2023\/06\/3-Procacitto-Racing-DOM-10-1536x1001.jpeg 1536w, https:\/\/ignacioprocacitto.com.ar\/sitio\/wp-content\/uploads\/2023\/06\/3-Procacitto-Racing-DOM-10.jpeg 1600w\" sizes=\"(max-width: 1024px) 100vw, 1024px\" \/><\/figure>\n\n\n\n<p>Ortega es cuarto en la temporada, a 23 puntos del l\u00edder Nicol\u00e1s Posco. La pr\u00f3xima fecha ser\u00e1 el fin de semana del 9 de julio en Concepci\u00f3n del Uruguay, Entre R\u00edos.<\/p>\n","protected":false},"excerpt":{"rendered":"<p>Procacitto Racing gan\u00f3 de la mano de Pablo Ortega en Misiones y est\u00e1n en el lote de aspirantes al campeonato<\/p>\n","protected":false},"author":1,"featured_media":3707,"comment_status":"open","ping_status":"closed","sticky":false,"template":"","format":"standard","meta":{"footnotes":""},"categories":[3],"tags":[],"class_list":["post-3706","post","type-post","status-publish","format-standard","has-post-thumbnail","hentry","category-novedades"],"_links":{"self":[{"href":"https:\/\/ignacioprocacitto.com.ar\/sitio\/wp-json\/wp\/v2\/posts\/3706","targetHints":{"allow":["GET"]}}],"collection":[{"href":"https:\/\/ignacioprocacitto.com.ar\/sitio\/wp-json\/wp\/v2\/posts"}],"about":[{"href":"https:\/\/ignacioprocacitto.com.ar\/sitio\/wp-json\/wp\/v2\/types\/post"}],"author":[{"embeddable":true,"href":"https:\/\/ignacioprocacitto.com.ar\/sitio\/wp-json\/wp\/v2\/users\/1"}],"replies":[{"embeddable":true,"href":"https:\/\/ignacioprocacitto.com.ar\/sitio\/wp-json\/wp\/v2\/comments?post=3706"}],"version-history":[{"count":1,"href":"https:\/\/ignacioprocacitto.com.ar\/sitio\/wp-json\/wp\/v2\/posts\/3706\/revisions"}],"predecessor-version":[{"id":3710,"href":"https:\/\/ignacioprocacitto.com.ar\/sitio\/wp-json\/wp\/v2\/posts\/3706\/revisions\/3710"}],"wp:featuredmedia":[{"embeddable":true,"href":"https:\/\/ignacioprocacitto.com.ar\/sitio\/wp-json\/wp\/v2\/media\/3707"}],"wp:attachment":[{"href":"https:\/\/ignacioprocacitto.com.ar\/sitio\/wp-json\/wp\/v2\/media?parent=3706"}],"wp:term":[{"taxonomy":"category","embeddable":true,"href":"https:\/\/ignacioprocacitto.com.ar\/sitio\/wp-json\/wp\/v2\/categories?post=3706"},{"taxonomy":"post_tag","embeddable":true,"href":"https:\/\/ignacioprocacitto.com.ar\/sitio\/wp-json\/wp\/v2\/tags?post=3706"}],"curies":[{"name":"wp","href":"https:\/\/api.w.org\/{rel}","templated":true}]}}