{"id":3713,"date":"2023-07-04T12:44:10","date_gmt":"2023-07-04T15:44:10","guid":{"rendered":"https:\/\/ignacioprocacitto.com.ar\/sitio\/?p=3713"},"modified":"2023-07-04T12:44:11","modified_gmt":"2023-07-04T15:44:11","slug":"liberados-de-ganar-camino-a-concepcion","status":"publish","type":"post","link":"https:\/\/ignacioprocacitto.com.ar\/sitio\/2023\/07\/04\/liberados-de-ganar-camino-a-concepcion\/","title":{"rendered":"Liberados de ganar, camino a Concepci\u00f3n"},"content":{"rendered":"\n<h2 class=\"wp-block-heading\">Procacitto Racing ya gan\u00f3 con Pablo Ortega en la fecha pasada, y estar\u00e1n en Entre R\u00edos con el plan de sumar para el campeonato<\/h2>\n\n\n\n<!--more-->\n\n\n\n<p>En Las Rosas, el Procacitto Racing tiene todo encaminado para disputar la s\u00e9ptima fecha de la temporada de Turismo Nacional, este fin de semana en Concepci\u00f3n del Uruguay, Entre R\u00edos. Pablo Ortega logr\u00f3 ganar con el Volkswagen Gol en Posadas, y arrancar\u00e1 la segunda parte del a\u00f1o con menor presi\u00f3n.<\/p>\n\n\n\n<p>La alegr\u00eda, el desahogo y todo lo que sucede luego de cada victoria, ya qued\u00f3 atr\u00e1s, y el pr\u00f3ximo paso es no dejar la chance de sumar en grande como el tucumano hizo con el Volkswagen Gol de Las Rosas. Ignacio Procacitto y el equipo terminaron el repaso de la unidad, los hermanos Riva prepararon el impulsor y con la puesta a punto provista por Cristian Galasso se buscar\u00e1 seguir siendo protagonista, a pesar de los kilos de lastre que lleva.<\/p>\n\n\n\n<p>Pablo Ortega: \u201cViene todo de diez para esta fecha, ya con esa pre-adrenalina para el fin de semana y vamos a ir expectantes de seguir por este camino\u201d, asegur\u00f3 quien viene de ganar una apasionante final en Posadas, con un auto que desde la primera vuelta veloz de ese fin de semana, fue imbatible.<\/p>\n\n\n\n<p>Por su lado, Ignacio Procacitto destac\u00f3: \u201cYa est\u00e1 el auto en orden, falta alinearlo y con algunos ajustes, pero el motor ya est\u00e1 entregado y luego de la victoria solamente hicimos un repaso para seguir siendo competitivos como venimos siendo siempre\u201d.<\/p>\n","protected":false},"excerpt":{"rendered":"<p>Procacitto Racing ya gan\u00f3 con Pablo Ortega en la fecha pasada, y estar\u00e1n en Entre R\u00edos con el plan de sumar para el campeonato<\/p>\n","protected":false},"author":1,"featured_media":3714,"comment_status":"open","ping_status":"closed","sticky":false,"template":"","format":"standard","meta":{"footnotes":""},"categories":[3],"tags":[],"class_list":["post-3713","post","type-post","status-publish","format-standard","has-post-thumbnail","hentry","category-novedades"],"_links":{"self":[{"href":"https:\/\/ignacioprocacitto.com.ar\/sitio\/wp-json\/wp\/v2\/posts\/3713","targetHints":{"allow":["GET"]}}],"collection":[{"href":"https:\/\/ignacioprocacitto.com.ar\/sitio\/wp-json\/wp\/v2\/posts"}],"about":[{"href":"https:\/\/ignacioprocacitto.com.ar\/sitio\/wp-json\/wp\/v2\/types\/post"}],"author":[{"embeddable":true,"href":"https:\/\/ignacioprocacitto.com.ar\/sitio\/wp-json\/wp\/v2\/users\/1"}],"replies":[{"embeddable":true,"href":"https:\/\/ignacioprocacitto.com.ar\/sitio\/wp-json\/wp\/v2\/comments?post=3713"}],"version-history":[{"count":1,"href":"https:\/\/ignacioprocacitto.com.ar\/sitio\/wp-json\/wp\/v2\/posts\/3713\/revisions"}],"predecessor-version":[{"id":3715,"href":"https:\/\/ignacioprocacitto.com.ar\/sitio\/wp-json\/wp\/v2\/posts\/3713\/revisions\/3715"}],"wp:featuredmedia":[{"embeddable":true,"href":"https:\/\/ignacioprocacitto.com.ar\/sitio\/wp-json\/wp\/v2\/media\/3714"}],"wp:attachment":[{"href":"https:\/\/ignacioprocacitto.com.ar\/sitio\/wp-json\/wp\/v2\/media?parent=3713"}],"wp:term":[{"taxonomy":"category","embeddable":true,"href":"https:\/\/ignacioprocacitto.com.ar\/sitio\/wp-json\/wp\/v2\/categories?post=3713"},{"taxonomy":"post_tag","embeddable":true,"href":"https:\/\/ignacioprocacitto.com.ar\/sitio\/wp-json\/wp\/v2\/tags?post=3713"}],"curies":[{"name":"wp","href":"https:\/\/api.w.org\/{rel}","templated":true}]}}