{"id":3717,"date":"2023-08-01T10:38:11","date_gmt":"2023-08-01T13:38:11","guid":{"rendered":"https:\/\/ignacioprocacitto.com.ar\/sitio\/?p=3717"},"modified":"2023-08-01T10:38:12","modified_gmt":"2023-08-01T13:38:12","slug":"procacitto-racing-de-pie-para-honrar-a-su-fundador","status":"publish","type":"post","link":"https:\/\/ignacioprocacitto.com.ar\/sitio\/2023\/08\/01\/procacitto-racing-de-pie-para-honrar-a-su-fundador\/","title":{"rendered":"Procacitto Racing, de pie para honrar a su fundador"},"content":{"rendered":"\n<h2 class=\"wp-block-heading\"><strong>El equipo de Las Rosas est\u00e1 superando momentos dif\u00edciles, pero continuando el legado de Carlos Procacitto en el Turismo Nacional<\/strong><\/h2>\n\n\n\n<!--more-->\n\n\n\n<p>En plena batalla por el campeonato de Turismo Nacional Clase 2, el equipo Procacitto Racing espera continuar siendo protagonista junto a Pablo Ortega. Este fin de semana ser\u00e1 la octava fecha del a\u00f1o, en San Nicol\u00e1s, donde el equipo venci\u00f3 en 2022 y con una ausencia f\u00edsica que se siente como la del fundador Carlos Procacitto, pero que no modificar\u00e1 los planes deportivos.<\/p>\n\n\n\n<p>Ortega es quinto en el certamen a 35 puntos de la cima, en una temporada que est\u00e1 siendo muy bien desarrollada por el piloto tucumano desde que se sum\u00f3 al equipo rosense, incluyendo una victoria que lo habilita directamente a luchar por el campeonato.<\/p>\n\n\n\n<p>Ignacio Procacitto, atravesando un momento personal muy complicado, detall\u00f3: \u201cYa se dej\u00f3 todo listo y tratar de instalarnos en el circuito y dejar todo listo para arrancar un fin de semana que ser\u00e1 dif\u00edcil para nosotros, porque estaremos sin pap\u00e1, el que sab\u00eda hacer absolutamente todo, pero vamos a tratar de trabajar de la misma manera y tratar de honrarlo de la misma magnitud que \u00e9l lo hac\u00eda\u201d.<\/p>\n\n\n\n<p>Y revel\u00f3: \u201cPor suerte toda la gente que siempre nos apoy\u00f3 nos sigue apoyando. Tenemos un fuerte acompa\u00f1amiento de Marcelo Aquino, quien pasaba muchas horas con mi pap\u00e1 en el taller y debo reconocer que nos aporta much\u00edsimo en el auto y que si \u00e9l se bajara del barco no podr\u00edamos seguir. \u00c9l tiene mucho que ver en esto\u201d.<\/p>\n\n\n\n<p>Pablo Ortega, por su parte manifest\u00f3: \u201cEn l\u00edneas generales est\u00e1 todo bien, pero con el tema laboral y sponsors estamos en una situaci\u00f3n complicada. Ven\u00edamos muy bien con eso y creo que la situaci\u00f3n en general no est\u00e1 f\u00e1cil. Vamos a seguir dando batalla y pondremos todo el optimismo para que se d\u00e9 otro buen fin de semana\u201d.<\/p>\n\n\n\n<p>El viernes ser\u00e1n los dos entrenamientos y la primera clasificaci\u00f3n a las 16, el s\u00e1bado habr\u00e1 una segunda tanda y definitoria clasificaci\u00f3n a las 11, y por la tarde, desde las 14.30, se correr\u00e1n las series, televisadas desde las 15 por DeporTV. El domingo, la competencia final iniciar\u00e1 a las 12.20, a 18 giros, con transmisi\u00f3n por la TV P\u00fablica.<\/p>\n","protected":false},"excerpt":{"rendered":"<p>El equipo de Las Rosas est\u00e1 superando momentos dif\u00edciles, pero continuando el legado de Carlos Procacitto en el Turismo Nacional<\/p>\n","protected":false},"author":1,"featured_media":3482,"comment_status":"open","ping_status":"closed","sticky":false,"template":"","format":"standard","meta":{"footnotes":""},"categories":[3],"tags":[],"class_list":["post-3717","post","type-post","status-publish","format-standard","has-post-thumbnail","hentry","category-novedades"],"_links":{"self":[{"href":"https:\/\/ignacioprocacitto.com.ar\/sitio\/wp-json\/wp\/v2\/posts\/3717","targetHints":{"allow":["GET"]}}],"collection":[{"href":"https:\/\/ignacioprocacitto.com.ar\/sitio\/wp-json\/wp\/v2\/posts"}],"about":[{"href":"https:\/\/ignacioprocacitto.com.ar\/sitio\/wp-json\/wp\/v2\/types\/post"}],"author":[{"embeddable":true,"href":"https:\/\/ignacioprocacitto.com.ar\/sitio\/wp-json\/wp\/v2\/users\/1"}],"replies":[{"embeddable":true,"href":"https:\/\/ignacioprocacitto.com.ar\/sitio\/wp-json\/wp\/v2\/comments?post=3717"}],"version-history":[{"count":1,"href":"https:\/\/ignacioprocacitto.com.ar\/sitio\/wp-json\/wp\/v2\/posts\/3717\/revisions"}],"predecessor-version":[{"id":3718,"href":"https:\/\/ignacioprocacitto.com.ar\/sitio\/wp-json\/wp\/v2\/posts\/3717\/revisions\/3718"}],"wp:featuredmedia":[{"embeddable":true,"href":"https:\/\/ignacioprocacitto.com.ar\/sitio\/wp-json\/wp\/v2\/media\/3482"}],"wp:attachment":[{"href":"https:\/\/ignacioprocacitto.com.ar\/sitio\/wp-json\/wp\/v2\/media?parent=3717"}],"wp:term":[{"taxonomy":"category","embeddable":true,"href":"https:\/\/ignacioprocacitto.com.ar\/sitio\/wp-json\/wp\/v2\/categories?post=3717"},{"taxonomy":"post_tag","embeddable":true,"href":"https:\/\/ignacioprocacitto.com.ar\/sitio\/wp-json\/wp\/v2\/tags?post=3717"}],"curies":[{"name":"wp","href":"https:\/\/api.w.org\/{rel}","templated":true}]}}