{"id":3723,"date":"2023-08-29T08:32:30","date_gmt":"2023-08-29T11:32:30","guid":{"rendered":"https:\/\/ignacioprocacitto.com.ar\/sitio\/?p=3723"},"modified":"2023-08-29T08:32:31","modified_gmt":"2023-08-29T11:32:31","slug":"preparados-para-seguir-descontando-en-lo-desconocido","status":"publish","type":"post","link":"https:\/\/ignacioprocacitto.com.ar\/sitio\/2023\/08\/29\/preparados-para-seguir-descontando-en-lo-desconocido\/","title":{"rendered":"Preparados para seguir descontando en lo desconocido"},"content":{"rendered":"\n<h2 class=\"wp-block-heading\">Este fin de semana se realizar\u00e1 el TN Solidario, donde la Clase 2 afrontar\u00e1 su novena fecha en el circuito 12 de Buenos Aires<\/h2>\n\n\n\n<!--more-->\n\n\n\n<p>Procacitto Racing ultima detalles para presentarse en Buenos Aires junto a su piloto Pablo Ortega, en lo que ser\u00e1 la novena fecha del Turismo Nacional Clase 2. Este a\u00f1o, la fecha ser\u00e1 tambi\u00e9n especial en el \u2018Oscar y Juan G\u00e1lvez\u2019, pero con la salvedad de que se correr\u00e1 en el circuito 12, y el ingreso general al p\u00fablico ser\u00e1 a cambio de un alimento no perecedero.<\/p>\n\n\n\n<p>En 2022, Buenos Aires fue sede de la Carrera de los 200 Pilotos, que el Procacitto Racing domin\u00f3 con Ignacio al volante compartiendo el Volkswagen Gol con Mart\u00edn Badaracco. Desde lo deportivo, este a\u00f1o se dispuso que ser\u00e1 una fecha habitual, pero lo no com\u00fan ser\u00e1 transitar el circuito m\u00e1s veloz del aut\u00f3dromo, que el TN no utiliza oficialmente desde 1976. Por ende, los equipos y pilotos no tienen experiencia suficiente como para predecir demasiado, y hasta las salidas a pista, se eval\u00faan alternativas de puesta a punto. Ignacio Procacitto y Pablo Ortega, deber\u00e1n mancomunarse para lograr que el auto sea r\u00e1pido, iniciando el \u00faltimo tercio de campeonato.<\/p>\n\n\n\n<p>\u201cEstamos terminando de armar todo, porque hubo mucho trabajo aunque no parezca. Un golpe que tuvimos en la clasificaci\u00f3n hizo que revisemos absolutamente todo como para tratar de caer al circuito sin mayores inconvenientes, y as\u00ed trabajar en la puesta a punto. Ser\u00e1 un circuito nuevo para todos los equipos y esperemos seguir sumando\u201d, explic\u00f3 \u2018Nachi\u2019 Procacitto.<\/p>\n\n\n\n<p>Por su parte, Ortega destac\u00f3: \u201cEstamos con intriga de saber c\u00f3mo puede ser y c\u00f3mo va a andar el auto en el circuito 12. Es todo nuevo para nosotros, y sabemos que hay pilotos de la Clase 3 que conocen el circuito, y por los videos que vi, llamar\u00e1 much\u00edsimo la atenci\u00f3n. Para m\u00ed va a ser una carrera s\u00faper entretenida tambi\u00e9n, donde habr\u00e1 que cuidar mucho el auto, estaremos a una alta velocidad permanente. Cuando nos reunamos en el aut\u00f3dromo vamos a evaluar la estrategia para afrontar el fin de semana\u201d.<\/p>\n","protected":false},"excerpt":{"rendered":"<p>Este fin de semana se realizar\u00e1 el TN Solidario, donde la Clase 2 afrontar\u00e1 su novena fecha en el circuito 12 de Buenos Aires<\/p>\n","protected":false},"author":1,"featured_media":3724,"comment_status":"open","ping_status":"closed","sticky":false,"template":"","format":"standard","meta":{"footnotes":""},"categories":[3],"tags":[],"class_list":["post-3723","post","type-post","status-publish","format-standard","has-post-thumbnail","hentry","category-novedades"],"_links":{"self":[{"href":"https:\/\/ignacioprocacitto.com.ar\/sitio\/wp-json\/wp\/v2\/posts\/3723","targetHints":{"allow":["GET"]}}],"collection":[{"href":"https:\/\/ignacioprocacitto.com.ar\/sitio\/wp-json\/wp\/v2\/posts"}],"about":[{"href":"https:\/\/ignacioprocacitto.com.ar\/sitio\/wp-json\/wp\/v2\/types\/post"}],"author":[{"embeddable":true,"href":"https:\/\/ignacioprocacitto.com.ar\/sitio\/wp-json\/wp\/v2\/users\/1"}],"replies":[{"embeddable":true,"href":"https:\/\/ignacioprocacitto.com.ar\/sitio\/wp-json\/wp\/v2\/comments?post=3723"}],"version-history":[{"count":1,"href":"https:\/\/ignacioprocacitto.com.ar\/sitio\/wp-json\/wp\/v2\/posts\/3723\/revisions"}],"predecessor-version":[{"id":3725,"href":"https:\/\/ignacioprocacitto.com.ar\/sitio\/wp-json\/wp\/v2\/posts\/3723\/revisions\/3725"}],"wp:featuredmedia":[{"embeddable":true,"href":"https:\/\/ignacioprocacitto.com.ar\/sitio\/wp-json\/wp\/v2\/media\/3724"}],"wp:attachment":[{"href":"https:\/\/ignacioprocacitto.com.ar\/sitio\/wp-json\/wp\/v2\/media?parent=3723"}],"wp:term":[{"taxonomy":"category","embeddable":true,"href":"https:\/\/ignacioprocacitto.com.ar\/sitio\/wp-json\/wp\/v2\/categories?post=3723"},{"taxonomy":"post_tag","embeddable":true,"href":"https:\/\/ignacioprocacitto.com.ar\/sitio\/wp-json\/wp\/v2\/tags?post=3723"}],"curies":[{"name":"wp","href":"https:\/\/api.w.org\/{rel}","templated":true}]}}