{"id":3737,"date":"2023-09-24T21:03:42","date_gmt":"2023-09-25T00:03:42","guid":{"rendered":"https:\/\/ignacioprocacitto.com.ar\/sitio\/?p=3737"},"modified":"2023-09-24T21:03:43","modified_gmt":"2023-09-25T00:03:43","slug":"gloria-absoluta-para-ortega-y-procacitto","status":"publish","type":"post","link":"https:\/\/ignacioprocacitto.com.ar\/sitio\/2023\/09\/24\/gloria-absoluta-para-ortega-y-procacitto\/","title":{"rendered":"Gloria absoluta para Ortega y Procacitto"},"content":{"rendered":"\n<h2 class=\"wp-block-heading\">El equipo de Las Rosas volvi\u00f3 a ganar en la Clase 2 junto al tucumano, quien est\u00e1 en franca batalla por el campeonato<\/h2>\n\n\n\n<!--more-->\n\n\n\n<p>En un espect\u00e1culo de alto vuelo, el Turismo Nacional vio ganar nuevamente al Procacitto Racing en la Clase 2. Pablo Ortega se luci\u00f3 con el Volkswagen Gol atendido en Las Rosas, llev\u00e1ndose su serie el s\u00e1bado y la carrera final el domingo, para ubicarse como nuevo segundo de la tabla y con chances de ir por el t\u00edtulo hasta el final.<\/p>\n\n\n\n<p>El fin de semana comenz\u00f3 con buenas perspectivas en los entrenamientos, aunque a la hora de clasificar, el viernes qued\u00f3 7\u00ba. Con ganas y potencial para mejorar el s\u00e1bado por la ma\u00f1ana, el clima lluvioso no permiti\u00f3 mejorar los registros. Comenzando tercero en la serie, se dio un show inolvidable donde Ortega lleg\u00f3 a quedarse con el triunfo en una lucha interminable, con permanentes cambios en todo el pelot\u00f3n.<\/p>\n\n\n\n<p>Comenzando en segundo lugar, Ortega r\u00e1pidamente pudo tomar la punta en la final del domingo, pero no fue nada f\u00e1cil, porque luego fue Thiago Mart\u00ednez quien recuper\u00f3 la vanguardia y en una pelea donde estaban enfrascado cinco grandes figuras del TN, Pablo volvi\u00f3 a la primera posici\u00f3n faltando dos vueltas; el tucumano pudo sostenerse al frente y llevarse su segunda victoria del 2023.<\/p>\n\n\n\n<p>\u201cTuvimos un fin de semana tremendo la verdad, todo fue una locura. Esta victoria es de las mayores felicidades de mi vida. Fue un desarrollo muy dif\u00edcil el del fin de semana, pero este auto que funciona incre\u00edble me permiti\u00f3 llevarlo r\u00e1pido y poder aguantar en el final a Mart\u00ednez y as\u00ed ganar\u201d, detall\u00f3 Pabloso.<\/p>\n\n\n\n<p>Y ampli\u00f3: \u201cTen\u00edamos todo para esto en Buenos Aires pero la lluvia no lo permiti\u00f3 y lo pudimos hacer ac\u00e1. Pelear el campeonato es nuestro principal objetivo, y con tres carreras menos estamos prendidos en la pelea. Ahora faltan dos carreras pero tendremos muchos kilos, veremos c\u00f3mo resultan\u201d.<\/p>\n\n\n\n<p>Ortega y el Procacitto Racing est\u00e1n a 20 puntos del l\u00edder Thiago Mart\u00ednez. La pr\u00f3xima fecha ser\u00e1 el fin de semana del 15 de octubre en El Calafate, Santa Cruz.<\/p>\n","protected":false},"excerpt":{"rendered":"<p>El equipo de Las Rosas volvi\u00f3 a ganar en la Clase 2 junto al tucumano, quien est\u00e1 en franca batalla por el campeonato<\/p>\n","protected":false},"author":1,"featured_media":3738,"comment_status":"open","ping_status":"closed","sticky":false,"template":"","format":"standard","meta":{"footnotes":""},"categories":[3],"tags":[],"class_list":["post-3737","post","type-post","status-publish","format-standard","has-post-thumbnail","hentry","category-novedades"],"_links":{"self":[{"href":"https:\/\/ignacioprocacitto.com.ar\/sitio\/wp-json\/wp\/v2\/posts\/3737","targetHints":{"allow":["GET"]}}],"collection":[{"href":"https:\/\/ignacioprocacitto.com.ar\/sitio\/wp-json\/wp\/v2\/posts"}],"about":[{"href":"https:\/\/ignacioprocacitto.com.ar\/sitio\/wp-json\/wp\/v2\/types\/post"}],"author":[{"embeddable":true,"href":"https:\/\/ignacioprocacitto.com.ar\/sitio\/wp-json\/wp\/v2\/users\/1"}],"replies":[{"embeddable":true,"href":"https:\/\/ignacioprocacitto.com.ar\/sitio\/wp-json\/wp\/v2\/comments?post=3737"}],"version-history":[{"count":1,"href":"https:\/\/ignacioprocacitto.com.ar\/sitio\/wp-json\/wp\/v2\/posts\/3737\/revisions"}],"predecessor-version":[{"id":3739,"href":"https:\/\/ignacioprocacitto.com.ar\/sitio\/wp-json\/wp\/v2\/posts\/3737\/revisions\/3739"}],"wp:featuredmedia":[{"embeddable":true,"href":"https:\/\/ignacioprocacitto.com.ar\/sitio\/wp-json\/wp\/v2\/media\/3738"}],"wp:attachment":[{"href":"https:\/\/ignacioprocacitto.com.ar\/sitio\/wp-json\/wp\/v2\/media?parent=3737"}],"wp:term":[{"taxonomy":"category","embeddable":true,"href":"https:\/\/ignacioprocacitto.com.ar\/sitio\/wp-json\/wp\/v2\/categories?post=3737"},{"taxonomy":"post_tag","embeddable":true,"href":"https:\/\/ignacioprocacitto.com.ar\/sitio\/wp-json\/wp\/v2\/tags?post=3737"}],"curies":[{"name":"wp","href":"https:\/\/api.w.org\/{rel}","templated":true}]}}