{"id":3758,"date":"2024-01-04T19:03:42","date_gmt":"2024-01-04T22:03:42","guid":{"rendered":"https:\/\/ignacioprocacitto.com.ar\/sitio\/?p=3758"},"modified":"2024-01-04T19:05:31","modified_gmt":"2024-01-04T22:05:31","slug":"procacitto-racing-confirma-dos-autos-en-clase-2","status":"publish","type":"post","link":"https:\/\/ignacioprocacitto.com.ar\/sitio\/2024\/01\/04\/procacitto-racing-confirma-dos-autos-en-clase-2\/","title":{"rendered":"Procacitto Racing confirma dos autos en Clase 2"},"content":{"rendered":"\n<h2 class=\"wp-block-heading\">El equipo de Las Rosas tendr\u00e1 dos Volkswagen Gol y dos pilotos tucumanos en la temporada 2024<\/h2>\n\n\n\n<!--more-->\n\n\n\n<figure class=\"wp-block-image size-large\"><img fetchpriority=\"high\" decoding=\"async\" width=\"1024\" height=\"1024\" src=\"https:\/\/ignacioprocacitto.com.ar\/sitio\/wp-content\/uploads\/2024\/01\/Pilotos-Confirmados-FEED-1024x1024.jpg\" alt=\"\" class=\"wp-image-3759\" srcset=\"https:\/\/ignacioprocacitto.com.ar\/sitio\/wp-content\/uploads\/2024\/01\/Pilotos-Confirmados-FEED-1024x1024.jpg 1024w, https:\/\/ignacioprocacitto.com.ar\/sitio\/wp-content\/uploads\/2024\/01\/Pilotos-Confirmados-FEED-300x300.jpg 300w, https:\/\/ignacioprocacitto.com.ar\/sitio\/wp-content\/uploads\/2024\/01\/Pilotos-Confirmados-FEED-150x150.jpg 150w, https:\/\/ignacioprocacitto.com.ar\/sitio\/wp-content\/uploads\/2024\/01\/Pilotos-Confirmados-FEED-768x768.jpg 768w, https:\/\/ignacioprocacitto.com.ar\/sitio\/wp-content\/uploads\/2024\/01\/Pilotos-Confirmados-FEED.jpg 1200w\" sizes=\"(max-width: 1024px) 100vw, 1024px\" \/><\/figure>\n\n\n\n<p>Luego del sensacional 2023 deportivo para el Procacitto Racing junto a Pablo Ortega, el equipo tom\u00f3 la responsabilidad de ampliarse para el 2024 dentro del Turismo Nacional Clase 2. Se est\u00e1 trabajando para realizar el calendario venidero junto a Maximiliano Bestani sobre otro Volkswagen Gol, propiedad de Miguel Ciaurro.<\/p>\n\n\n\n<p>Por estas horas, dos unidades de la marca alemana se est\u00e1n poniendo a punto en el taller dirigido por Ignacio Procacitto, y la dupla de pilotos tucumanos y amigos, ser\u00e1n quienes querr\u00e1n protagonismo a la hora de ir por victorias y tambi\u00e9n por el t\u00edtulo. Los triunfos de Pablo en la temporada pasada y habiendo llegado con chances de ser campe\u00f3n sin correr dos citas con Procacitto, elevaron las ilusiones y adem\u00e1s atrajo a Bestani, su coterr\u00e1neo y tambi\u00e9n experimentado del TN.<\/p>\n\n\n\n<figure class=\"wp-block-image size-large\"><img decoding=\"async\" width=\"1024\" height=\"1024\" src=\"https:\/\/ignacioprocacitto.com.ar\/sitio\/wp-content\/uploads\/2024\/01\/Bienvenido-Feed-1024x1024.jpg\" alt=\"\" class=\"wp-image-3760\" srcset=\"https:\/\/ignacioprocacitto.com.ar\/sitio\/wp-content\/uploads\/2024\/01\/Bienvenido-Feed-1024x1024.jpg 1024w, https:\/\/ignacioprocacitto.com.ar\/sitio\/wp-content\/uploads\/2024\/01\/Bienvenido-Feed-300x300.jpg 300w, https:\/\/ignacioprocacitto.com.ar\/sitio\/wp-content\/uploads\/2024\/01\/Bienvenido-Feed-150x150.jpg 150w, https:\/\/ignacioprocacitto.com.ar\/sitio\/wp-content\/uploads\/2024\/01\/Bienvenido-Feed-768x767.jpg 768w, https:\/\/ignacioprocacitto.com.ar\/sitio\/wp-content\/uploads\/2024\/01\/Bienvenido-Feed.jpg 1200w\" sizes=\"(max-width: 1024px) 100vw, 1024px\" \/><\/figure>\n\n\n\n<p>Maxi Bestani, por su parte anunci\u00f3: \u201cEstoy contento por este cambio de aire, tratando de encarar un proyecto lindo con Pablo, y el objetivo es tener buenos resultados, desarrollando un auto que est\u00e1 a gusto de Nacho Procacitto. Esperemos tener un buen inicio de a\u00f1o y ojal\u00e1 que las expectativas se cumplan, sumando puntos todas las fechas y est\u00e1 clar\u00edsimo de que tengo mucha fe en el equipo en s\u00ed y en que vamos a correr en conjunto con Pablo. Queremos ser competitivos desde las primeras fechas y poder llegar a fin de a\u00f1o con chances de pelear por el t\u00edtulo\u201d.<\/p>\n\n\n\n<figure class=\"wp-block-image size-large\"><img decoding=\"async\" width=\"576\" height=\"1024\" src=\"https:\/\/ignacioprocacitto.com.ar\/sitio\/wp-content\/uploads\/2024\/01\/Maxi-Bestani-2024-Procacitto-Racing-1-576x1024.jpeg\" alt=\"\" class=\"wp-image-3763\" srcset=\"https:\/\/ignacioprocacitto.com.ar\/sitio\/wp-content\/uploads\/2024\/01\/Maxi-Bestani-2024-Procacitto-Racing-1-576x1024.jpeg 576w, https:\/\/ignacioprocacitto.com.ar\/sitio\/wp-content\/uploads\/2024\/01\/Maxi-Bestani-2024-Procacitto-Racing-1-169x300.jpeg 169w, https:\/\/ignacioprocacitto.com.ar\/sitio\/wp-content\/uploads\/2024\/01\/Maxi-Bestani-2024-Procacitto-Racing-1-768x1365.jpeg 768w, https:\/\/ignacioprocacitto.com.ar\/sitio\/wp-content\/uploads\/2024\/01\/Maxi-Bestani-2024-Procacitto-Racing-1-864x1536.jpeg 864w, https:\/\/ignacioprocacitto.com.ar\/sitio\/wp-content\/uploads\/2024\/01\/Maxi-Bestani-2024-Procacitto-Racing-1.jpeg 900w\" sizes=\"(max-width: 576px) 100vw, 576px\" \/><\/figure>\n\n\n\n<p>Por su lado, Ortega afirm\u00f3: \u201cLa verdad es que estoy contento porque vamos a seguir con el Procacitto Racing tal cual lo hicimos el a\u00f1o pasado. Voy a compartir equipo con un amigo como es Maxi Bestani, as\u00ed que eso es lo mejor. Respecto al automovilismo, en estos d\u00edas no tengo la cabeza puesta en ello, me estoy dedicando al trabajo que no debo descuidar, y ya m\u00e1s cerca de la primera fecha estaremos nuevamente a pleno\u201d.<\/p>\n\n\n\n<p>La temporada iniciar\u00e1 el fin de semana del 18 de febrero en Trelew.<\/p>\n","protected":false},"excerpt":{"rendered":"<p>El equipo de Las Rosas tendr\u00e1 dos Volkswagen Gol y dos pilotos tucumanos en la temporada 2024<\/p>\n","protected":false},"author":1,"featured_media":3759,"comment_status":"open","ping_status":"closed","sticky":false,"template":"","format":"standard","meta":{"footnotes":""},"categories":[3],"tags":[],"class_list":["post-3758","post","type-post","status-publish","format-standard","has-post-thumbnail","hentry","category-novedades"],"_links":{"self":[{"href":"https:\/\/ignacioprocacitto.com.ar\/sitio\/wp-json\/wp\/v2\/posts\/3758","targetHints":{"allow":["GET"]}}],"collection":[{"href":"https:\/\/ignacioprocacitto.com.ar\/sitio\/wp-json\/wp\/v2\/posts"}],"about":[{"href":"https:\/\/ignacioprocacitto.com.ar\/sitio\/wp-json\/wp\/v2\/types\/post"}],"author":[{"embeddable":true,"href":"https:\/\/ignacioprocacitto.com.ar\/sitio\/wp-json\/wp\/v2\/users\/1"}],"replies":[{"embeddable":true,"href":"https:\/\/ignacioprocacitto.com.ar\/sitio\/wp-json\/wp\/v2\/comments?post=3758"}],"version-history":[{"count":2,"href":"https:\/\/ignacioprocacitto.com.ar\/sitio\/wp-json\/wp\/v2\/posts\/3758\/revisions"}],"predecessor-version":[{"id":3764,"href":"https:\/\/ignacioprocacitto.com.ar\/sitio\/wp-json\/wp\/v2\/posts\/3758\/revisions\/3764"}],"wp:featuredmedia":[{"embeddable":true,"href":"https:\/\/ignacioprocacitto.com.ar\/sitio\/wp-json\/wp\/v2\/media\/3759"}],"wp:attachment":[{"href":"https:\/\/ignacioprocacitto.com.ar\/sitio\/wp-json\/wp\/v2\/media?parent=3758"}],"wp:term":[{"taxonomy":"category","embeddable":true,"href":"https:\/\/ignacioprocacitto.com.ar\/sitio\/wp-json\/wp\/v2\/categories?post=3758"},{"taxonomy":"post_tag","embeddable":true,"href":"https:\/\/ignacioprocacitto.com.ar\/sitio\/wp-json\/wp\/v2\/tags?post=3758"}],"curies":[{"name":"wp","href":"https:\/\/api.w.org\/{rel}","templated":true}]}}