{"id":3808,"date":"2024-05-07T20:00:37","date_gmt":"2024-05-07T23:00:37","guid":{"rendered":"https:\/\/ignacioprocacitto.com.ar\/sitio\/?p=3808"},"modified":"2024-05-07T20:00:38","modified_gmt":"2024-05-07T23:00:38","slug":"alistados-para-una-fecha-especial","status":"publish","type":"post","link":"https:\/\/ignacioprocacitto.com.ar\/sitio\/2024\/05\/07\/alistados-para-una-fecha-especial\/","title":{"rendered":"Alistados para una fecha especial"},"content":{"rendered":"\n<h2 class=\"wp-block-heading\">Tras ganar en Rosario, los pilotos del Procacitto Racing correr\u00e1n cerca de Tucum\u00e1n, y junto al Turismo Carretera<\/h2>\n\n\n\n<!--more-->\n\n\n\n<p>Las Termas de R\u00edo Hondo ser\u00e1 sede de un gran evento donde el Procacitto Racing aguarda por mantener el gran nivel con sus dos pilotos y m\u00e1quinas en Turismo Nacional Clase 2. Desde Las Rosas viajar\u00e1n los veh\u00edculos para llegar al trazado santiague\u00f1o, vecino a la Tucum\u00e1n natal de Pablo Ortega y Maximiliano Bestani.<\/p>\n\n\n\n<p>El triunfo de Ortega en Rosario y el podio que hab\u00eda conseguido Bestani en Concordia le dan la confianza necesaria para poder ir por m\u00e1s, con dos Volkswagen Gol de estupendo rendimiento. Ignacio Procacitto y cada uno de los miembros del taller estuvieron dejando todo en condiciones para una cita diferente, donde cada d\u00eda ser\u00e1 crucial, sin excepciones. El viernes habr\u00e1 una clasificaci\u00f3n que ser\u00e1 \u00fanica, por lo cual ser\u00e1 importante para estar bien ubicado para largar la serie sabatina. En tanto que el domingo desde las 10, se medir\u00e1n para la carrera final.<\/p>\n\n\n\n<p>\u201cEst\u00e1n terminando los autos los chicos, y trataremos de pasar por el rolo antes de viajar a Termas. Vamos a iniciar la actividad antes de lo normal y estamos trabajando a pleno para estar bien preparados\u201d, coment\u00f3 <strong>Procacitto<\/strong>.<\/p>\n\n\n\n<p>\u201cEstoy contento de cerca de casa, con los amigos y los sponsors, y ser\u00e1 muy especial para nosotros tambi\u00e9n por correr junto al TC\u2026 En lo deportivo venimos muy bien este a\u00f1o y perfilamos que podemos andar muy bien en Termas, circuito que nos trat\u00f3 muy bien siempre, con dos pole positions y varios podios. Vamos en b\u00fasqueda de buenos puntos y posicionarnos bien en el campeonato. Quiero ganar en Termas porque es un trazado de los que me cae bien y porque el auto me da mucha seguridad. Vamos a meterle con todo\u201d, expres\u00f3 <strong>Bestani<\/strong>, enchuf\u00e1ndose en lo que ser\u00e1 la quinta del a\u00f1o.<\/p>\n\n\n\n<p>\u201cYa tenemos todo organizado para llegar el jueves, sabiendo que el equipo estar\u00e1 con el auto de la misma forma que lo tuvimos en Rosario, preparado igual, como yo tambi\u00e9n me prepar\u00e9 de la misma manera. La \u00fanica diferencia, gran diferencia, es que al hacer nosotros de locales ac\u00e1, para nosotros la parte social es muy movida, todos quieren venir y nos tenemos que organizar para estar en familia y con los amigos. Estoy muy feliz de correr cerca de casa y en un aut\u00f3dromo como es Termas. Esperemos seguir funcionando as\u00ed de bien como lo estamos haciendo hasta ahora\u201d, destac\u00f3 <strong>Ortega<\/strong>, quien viene de vencer y espera sostenerse en la zona alta de la tabla de posiciones.<\/p>\n","protected":false},"excerpt":{"rendered":"<p>Tras ganar en Rosario, los pilotos del Procacitto Racing correr\u00e1n cerca de Tucum\u00e1n, y junto al Turismo Carretera<\/p>\n","protected":false},"author":1,"featured_media":0,"comment_status":"open","ping_status":"closed","sticky":false,"template":"","format":"standard","meta":{"footnotes":""},"categories":[3],"tags":[],"class_list":["post-3808","post","type-post","status-publish","format-standard","hentry","category-novedades"],"_links":{"self":[{"href":"https:\/\/ignacioprocacitto.com.ar\/sitio\/wp-json\/wp\/v2\/posts\/3808","targetHints":{"allow":["GET"]}}],"collection":[{"href":"https:\/\/ignacioprocacitto.com.ar\/sitio\/wp-json\/wp\/v2\/posts"}],"about":[{"href":"https:\/\/ignacioprocacitto.com.ar\/sitio\/wp-json\/wp\/v2\/types\/post"}],"author":[{"embeddable":true,"href":"https:\/\/ignacioprocacitto.com.ar\/sitio\/wp-json\/wp\/v2\/users\/1"}],"replies":[{"embeddable":true,"href":"https:\/\/ignacioprocacitto.com.ar\/sitio\/wp-json\/wp\/v2\/comments?post=3808"}],"version-history":[{"count":1,"href":"https:\/\/ignacioprocacitto.com.ar\/sitio\/wp-json\/wp\/v2\/posts\/3808\/revisions"}],"predecessor-version":[{"id":3809,"href":"https:\/\/ignacioprocacitto.com.ar\/sitio\/wp-json\/wp\/v2\/posts\/3808\/revisions\/3809"}],"wp:attachment":[{"href":"https:\/\/ignacioprocacitto.com.ar\/sitio\/wp-json\/wp\/v2\/media?parent=3808"}],"wp:term":[{"taxonomy":"category","embeddable":true,"href":"https:\/\/ignacioprocacitto.com.ar\/sitio\/wp-json\/wp\/v2\/categories?post=3808"},{"taxonomy":"post_tag","embeddable":true,"href":"https:\/\/ignacioprocacitto.com.ar\/sitio\/wp-json\/wp\/v2\/tags?post=3808"}],"curies":[{"name":"wp","href":"https:\/\/api.w.org\/{rel}","templated":true}]}}