{"id":3810,"date":"2024-05-13T15:37:42","date_gmt":"2024-05-13T18:37:42","guid":{"rendered":"https:\/\/ignacioprocacitto.com.ar\/sitio\/?p=3810"},"modified":"2024-05-13T15:44:20","modified_gmt":"2024-05-13T18:44:20","slug":"victoria-de-maxi-bestani-en-termas","status":"publish","type":"post","link":"https:\/\/ignacioprocacitto.com.ar\/sitio\/2024\/05\/13\/victoria-de-maxi-bestani-en-termas\/","title":{"rendered":"Victoria de Maxi Bestani en Termas"},"content":{"rendered":"\n<h2 class=\"wp-block-heading\">Procacitto Racing logr\u00f3 su segunda conquista consecutiva en la Clase 2, en una carrera que se defini\u00f3 por una sanci\u00f3n deportiva<\/h2>\n\n\n\n<!--more-->\n\n\n\n<figure class=\"wp-block-image size-large\"><img fetchpriority=\"high\" decoding=\"async\" width=\"1024\" height=\"681\" src=\"https:\/\/ignacioprocacitto.com.ar\/sitio\/wp-content\/uploads\/2024\/05\/Procacitto-Racing-TNC2-2024-Fecha-5-Termas-3DOM-3-1024x681.jpeg\" alt=\"\" class=\"wp-image-3812\" srcset=\"https:\/\/ignacioprocacitto.com.ar\/sitio\/wp-content\/uploads\/2024\/05\/Procacitto-Racing-TNC2-2024-Fecha-5-Termas-3DOM-3-1024x681.jpeg 1024w, https:\/\/ignacioprocacitto.com.ar\/sitio\/wp-content\/uploads\/2024\/05\/Procacitto-Racing-TNC2-2024-Fecha-5-Termas-3DOM-3-300x200.jpeg 300w, https:\/\/ignacioprocacitto.com.ar\/sitio\/wp-content\/uploads\/2024\/05\/Procacitto-Racing-TNC2-2024-Fecha-5-Termas-3DOM-3-768x511.jpeg 768w, https:\/\/ignacioprocacitto.com.ar\/sitio\/wp-content\/uploads\/2024\/05\/Procacitto-Racing-TNC2-2024-Fecha-5-Termas-3DOM-3-1536x1022.jpeg 1536w, https:\/\/ignacioprocacitto.com.ar\/sitio\/wp-content\/uploads\/2024\/05\/Procacitto-Racing-TNC2-2024-Fecha-5-Termas-3DOM-3.jpeg 1599w\" sizes=\"(max-width: 1024px) 100vw, 1024px\" \/><\/figure>\n\n\n\n<p>Procacitto Racing sigue de gran racha en el Turismo Nacional Clase 2, y en Las Termas de R\u00edo Hondo, quien festej\u00f3 en lo m\u00e1s alto del podio fue Maximiliano Bestani, ganando por segunda vez en la categor\u00eda.<\/p>\n\n\n\n<p>El tucumano estuvo firme todo el fin de semana, clasificando 2\u00ba, y de ah\u00ed en m\u00e1s fue todo \u00e9xito. Bestani gan\u00f3 su serie con autoridad y en la carrera final, tuvo un duelo de ritmo muy importante con Bautista Damiani, y si bien fue 2\u00ba en pista, su rival recibi\u00f3 un recargo por falsa largada y Maxi logr\u00f3 ganar la competencia, segunda consecutiva para el Procacitto Racing luego del \u00e9xito de Pablo Ortega en Rosario. Ortega, por su parte en esta competencia qued\u00f3 a pie cuando buscaba sumar fuerte otra vez.<\/p>\n\n\n\n<figure class=\"wp-block-image size-large\"><img decoding=\"async\" width=\"1024\" height=\"681\" src=\"https:\/\/ignacioprocacitto.com.ar\/sitio\/wp-content\/uploads\/2024\/05\/Procacitto-Racing-TNC2-2024-Fecha-5-Termas-3DOM-7-1024x681.jpeg\" alt=\"\" class=\"wp-image-3813\" srcset=\"https:\/\/ignacioprocacitto.com.ar\/sitio\/wp-content\/uploads\/2024\/05\/Procacitto-Racing-TNC2-2024-Fecha-5-Termas-3DOM-7-1024x681.jpeg 1024w, https:\/\/ignacioprocacitto.com.ar\/sitio\/wp-content\/uploads\/2024\/05\/Procacitto-Racing-TNC2-2024-Fecha-5-Termas-3DOM-7-300x200.jpeg 300w, https:\/\/ignacioprocacitto.com.ar\/sitio\/wp-content\/uploads\/2024\/05\/Procacitto-Racing-TNC2-2024-Fecha-5-Termas-3DOM-7-768x511.jpeg 768w, https:\/\/ignacioprocacitto.com.ar\/sitio\/wp-content\/uploads\/2024\/05\/Procacitto-Racing-TNC2-2024-Fecha-5-Termas-3DOM-7-1536x1022.jpeg 1536w, https:\/\/ignacioprocacitto.com.ar\/sitio\/wp-content\/uploads\/2024\/05\/Procacitto-Racing-TNC2-2024-Fecha-5-Termas-3DOM-7.jpeg 1599w\" sizes=\"(max-width: 1024px) 100vw, 1024px\" \/><\/figure>\n\n\n\n<p>&#8220;Ya me sent\u00eda feliz por haber quedado segundo, por haber ganado la serie ayer y lo hab\u00eda disfrutado. Fue un fin de semana muy lindo con toda mi familia y mis amigos. Es lindo ganar, no s\u00e9 si de esta manera, pero Bauti no gan\u00f3 la carrera porque se movi\u00f3 en la largada, claramente fue superior a m\u00ed, pero esto es un deporte donde hay un reglamento. Seguramente si me pasaba a m\u00ed o cuando me pase, o si me pasa, las reglas van a ser justas. Una pena, porque tambi\u00e9n se merece la victoria \u00e9l. Nos volvemos a casa despu\u00e9s de haber disfrutado un lindo fin de semana&#8221;, expres\u00f3 Bestani, enterado con la planilla oficial de la sanci\u00f3n que lo deposit\u00f3 en el primer puesto final.<\/p>\n\n\n\n<p>En el campeonato, los dos pilotos del equipo que dirige Ignacio y Procacitto en Las Rosas tiene a Bestani 3\u00ba y a Ortega 5\u00ba. La pr\u00f3xima fecha ser\u00e1 el fin de semana del 2 de junio en escenario a confirmar.<\/p>\n","protected":false},"excerpt":{"rendered":"<p>Procacitto Racing logr\u00f3 su segunda conquista consecutiva en la Clase 2, en una carrera que se defini\u00f3 por una sanci\u00f3n deportiva<\/p>\n","protected":false},"author":1,"featured_media":0,"comment_status":"open","ping_status":"closed","sticky":false,"template":"","format":"standard","meta":{"footnotes":""},"categories":[3],"tags":[],"class_list":["post-3810","post","type-post","status-publish","format-standard","hentry","category-novedades"],"_links":{"self":[{"href":"https:\/\/ignacioprocacitto.com.ar\/sitio\/wp-json\/wp\/v2\/posts\/3810","targetHints":{"allow":["GET"]}}],"collection":[{"href":"https:\/\/ignacioprocacitto.com.ar\/sitio\/wp-json\/wp\/v2\/posts"}],"about":[{"href":"https:\/\/ignacioprocacitto.com.ar\/sitio\/wp-json\/wp\/v2\/types\/post"}],"author":[{"embeddable":true,"href":"https:\/\/ignacioprocacitto.com.ar\/sitio\/wp-json\/wp\/v2\/users\/1"}],"replies":[{"embeddable":true,"href":"https:\/\/ignacioprocacitto.com.ar\/sitio\/wp-json\/wp\/v2\/comments?post=3810"}],"version-history":[{"count":2,"href":"https:\/\/ignacioprocacitto.com.ar\/sitio\/wp-json\/wp\/v2\/posts\/3810\/revisions"}],"predecessor-version":[{"id":3815,"href":"https:\/\/ignacioprocacitto.com.ar\/sitio\/wp-json\/wp\/v2\/posts\/3810\/revisions\/3815"}],"wp:attachment":[{"href":"https:\/\/ignacioprocacitto.com.ar\/sitio\/wp-json\/wp\/v2\/media?parent=3810"}],"wp:term":[{"taxonomy":"category","embeddable":true,"href":"https:\/\/ignacioprocacitto.com.ar\/sitio\/wp-json\/wp\/v2\/categories?post=3810"},{"taxonomy":"post_tag","embeddable":true,"href":"https:\/\/ignacioprocacitto.com.ar\/sitio\/wp-json\/wp\/v2\/tags?post=3810"}],"curies":[{"name":"wp","href":"https:\/\/api.w.org\/{rel}","templated":true}]}}